[{"@context":"https:\/\/schema.org\/","@type":"Article","@id":"https:\/\/www.vypan.cz\/skvele-vzdelani\/#Article","mainEntityOfPage":"https:\/\/www.vypan.cz\/skvele-vzdelani\/","headline":"Skv\u011bl\u00e9 vzd\u011bl\u00e1n\u00ed","name":"Skv\u011bl\u00e9 vzd\u011bl\u00e1n\u00ed","description":"V\u017edycky jsem si \u0159\u00edkala, \u017ee vzd\u011bl\u00e1n\u00ed je opravdu hodn\u011b d\u016fle\u017eit\u00e9. Nap\u0159\u00edklad j\u00e1 osobn\u011b bych se asi neobe\u0161la bez toho, kdybych nemohla si ka\u017ed\u00fd den alespo\u0148 n\u011bco p\u0159e\u010d\u00edst. \u010cten\u00ed knih m\u011b bav\u00ed, a to stejn\u011b tak\u00e9 u\u010debnic. A proto jsem si \u0159ekla, \u017ee jakmile jsem ud\u011blala vysokou \u0161kolu, \u017ee m\u011b opravdu hodn\u011b mrz\u00ed, \u017ee u\u017e se &hellip; ","datePublished":"2022-11-11","dateModified":"2023-05-18","author":{"@type":"Person","@id":"https:\/\/www.vypan.cz\/author\/#Person","name":"","url":"https:\/\/www.vypan.cz\/author\/","identifier":1,"image":{"@type":"ImageObject","@id":"https:\/\/secure.gravatar.com\/avatar\/f7b3e8bb7f7cc0c6ca940e74a10b952be4c7d81de8a980387c865f88889f02e3?s=96&d=mm&r=g","url":"https:\/\/secure.gravatar.com\/avatar\/f7b3e8bb7f7cc0c6ca940e74a10b952be4c7d81de8a980387c865f88889f02e3?s=96&d=mm&r=g","height":96,"width":96}},"publisher":{"@type":"Organization","name":"vypan.cz","logo":{"@type":"ImageObject","@id":"\/logo.png","url":"\/logo.png","width":600,"height":60}},"image":{"@type":"ImageObject","@id":"https:\/\/www.vypan.cz\/wp-content\/uploads\/macbook-g6b45ac037_640_1.jpg","url":"https:\/\/www.vypan.cz\/wp-content\/uploads\/macbook-g6b45ac037_640_1.jpg","height":0,"width":0},"url":"https:\/\/www.vypan.cz\/skvele-vzdelani\/","about":["Vzd\u011bl\u00e1n\u00ed"],"wordCount":444,"articleBody":"V\u017edycky jsem si \u0159\u00edkala, \u017ee vzd\u011bl\u00e1n\u00ed je opravdu hodn\u011b d\u016fle\u017eit\u00e9. Nap\u0159\u00edklad j\u00e1 osobn\u011b bych se asi neobe\u0161la bez toho, kdybych nemohla si ka\u017ed\u00fd den alespo\u0148 n\u011bco p\u0159e\u010d\u00edst. \u010cten\u00ed knih m\u011b bav\u00ed, a to stejn\u011b tak\u00e9 u\u010debnic. A proto jsem si \u0159ekla, \u017ee jakmile jsem ud\u011blala vysokou \u0161kolu, \u017ee m\u011b opravdu hodn\u011b mrz\u00ed, \u017ee u\u017e se nem\u016f\u017eu d\u00e1t vzd\u011bl\u00e1vat a chodit do \u0161koly. Opravdu hodn\u011b m\u011b to bavilo a n\u011bkdy jsem si \u0159\u00edkala, jestli m\u011b v\u016fbec chyb\u00ed \u0161kola anebo u\u010ditel\u00e9 a spolu\u017e\u00e1ci. A tak\u00e9 mi chyb\u011blo to, \u017ee u\u017e jsme se se spolu\u017e\u00e1ky nesch\u00e1zeli v r\u016fzn\u00fdch centrech nebo kav\u00e1rn\u00e1ch anebo r\u016fzn\u00fdch skupin\u00e1ch. Opravdu hodn\u011b m\u011b to bavilo, a proto m\u011b mrz\u00ed, \u017ee u\u017e toho tohle v\u016fbec nen\u00ed a tak\u00e9 nikdy nebude. Je mi u\u017e v\u00edc jak t\u0159icet let, tak\u017ee u\u017e nastal \u010das, abych pracovala. Jenom\u017ee potom jsme se s kamar\u00e1dkou rozhodly, \u017ee bychom mohli spolu tak\u00e9 nav\u0161t\u011bvovat r\u016fzn\u00e9 vzd\u011bl\u00e1vac\u00ed kurzy. \u0158ekla\u00a0jsem si, \u017ee abych byla je\u0161t\u011b v\u00edce vzd\u011blan\u00e1, \u017ee bych nav\u0161t\u011bvovala kurzy ital\u0161tiny a tak\u00e9 kurz \u00fa\u010detnictv\u00ed. Podle m\u00e9ho n\u00e1zoru by m\u011b to opravdu hodn\u011b bavilo, tak\u017ee jsem si vzala uv\u00edtac\u00ed hodinu zdarma na dv\u011b hodiny \u00fa\u010detnictv\u00ed. Mus\u00edm uznat, \u017ee to opravdu hodn\u011b z\u00e1bavn\u00e9 a bav\u00ed m\u011b to a jsem r\u00e1da, \u017ee moje kamar\u00e1dka do toho \u0161la se mnou, proto\u017ee podle m\u00e9ho n\u00e1zoru vzd\u011bl\u00e1v\u00e1n\u00ed se nen\u00ed nikdy dost a kdy\u017e to \u010dlov\u011bka bav\u00ed, tak je to dvojn\u00e1sobn\u00e1 radost. Nakonec to tedy v\u0161echno dopadlo tak, \u017ee m\u00e1m hotov\u00fd p\u016flro\u010dn\u00ed kurz \u00fa\u010detnictv\u00ed a tak\u00e9 dva roky kurzu angli\u010dtiny a tak\u00e9 m\u00e9 tolik obl\u00edben\u00e9\u00a0ital\u0161tiny. I v\u00e1m doporu\u010duji, \u017ee byste mohli zkusit n\u011bjak\u00e9 jazykov\u00e9 kurzy, kter\u00e9 se v\u00e1m jist\u011b budou moc hodit nebo tak\u00e9 zkuste jin\u00e9 kurzy. Co t\u0159eba tak\u00e9 zm\u00edn\u011bn\u00fd\u00a0kurz \u00fa\u010detnictv\u00ed nebo n\u011bco podobn\u00e9ho? Nebo se p\u0159ihlaste\u00a0tak\u00e9 do \u0161koly um\u011bn\u00ed a zkusit\u00a0hr\u00e1t na n\u011bjak\u00fd hudebn\u00ed n\u00e1stroj nebo se p\u0159ihlaste\u00a0do keramiky. Tam jsem tak\u00e9 kdysi chodila. Keramika byla docela super, ale pozd\u011bji m\u011b to moc tam nebavilo, proto\u017ee mi p\u0159i\u0161lo, \u017ee se to tam v\u0161echno jenom\u00a0opakuje, tak\u017ee jsem tam potom nechodila a sp\u00ed\u0161e m\u011b to dost nudilo. Ale jinak keramick\u00e9 v\u011bci m\u00e1m moc r\u00e1da.\u00a0                                                                                                                                                                                                                                                                                                                                                                                        4.5\/5 - (8 votes)        "},{"@context":"https:\/\/schema.org\/","@type":"BreadcrumbList","itemListElement":[{"@type":"ListItem","position":1,"name":"Skv\u011bl\u00e9 vzd\u011bl\u00e1n\u00ed","item":"https:\/\/www.vypan.cz\/skvele-vzdelani\/#breadcrumbitem"}]}]