[{"@context":"https:\/\/schema.org\/","@type":"Article","@id":"https:\/\/www.vypan.cz\/nemila-spolecnost\/#Article","mainEntityOfPage":"https:\/\/www.vypan.cz\/nemila-spolecnost\/","headline":"Nemil\u00e1 spole\u010dnost","name":"Nemil\u00e1 spole\u010dnost","description":"Podle m\u00e9ho n\u00e1zoru, aby ka\u017ed\u00fd \u010dlov\u011bk se m\u011bl pohybovat ve spole\u010dnosti, kter\u00e1 mu je p\u0159\u00edjemn\u00e1. I kdy\u017e samoz\u0159ejm\u011b ch\u00e1pu, \u017ee ne v\u017edycky tohle jde. Kolikr\u00e1t se mi stalo, \u017ee jsem musela tr\u00e1vit sv\u016fj voln\u00fd \u010das ve spole\u010dnosti, kter\u00e1 mi v\u016fbec nebyla p\u0159\u00edjemn\u00e1. A tohle se mi stalo asi p\u0159ed dv\u011bma m\u011bs\u00edci, kdy\u017e jsem byla na &hellip; ","datePublished":"2023-02-27","dateModified":"2023-04-27","author":{"@type":"Person","@id":"https:\/\/www.vypan.cz\/author\/#Person","name":"","url":"https:\/\/www.vypan.cz\/author\/","identifier":1,"image":{"@type":"ImageObject","@id":"https:\/\/secure.gravatar.com\/avatar\/f7b3e8bb7f7cc0c6ca940e74a10b952be4c7d81de8a980387c865f88889f02e3?s=96&d=mm&r=g","url":"https:\/\/secure.gravatar.com\/avatar\/f7b3e8bb7f7cc0c6ca940e74a10b952be4c7d81de8a980387c865f88889f02e3?s=96&d=mm&r=g","height":96,"width":96}},"publisher":{"@type":"Organization","name":"vypan.cz","logo":{"@type":"ImageObject","@id":"\/logo.png","url":"\/logo.png","width":600,"height":60}},"image":{"@type":"ImageObject","@id":"https:\/\/www.vypan.cz\/wp-content\/uploads\/dad-1853657_960_720_1.jpg","url":"https:\/\/www.vypan.cz\/wp-content\/uploads\/dad-1853657_960_720_1.jpg","height":0,"width":0},"url":"https:\/\/www.vypan.cz\/nemila-spolecnost\/","about":["Spole\u010dnost"],"wordCount":446,"articleBody":"Podle m\u00e9ho n\u00e1zoru, aby ka\u017ed\u00fd \u010dlov\u011bk se m\u011bl pohybovat ve spole\u010dnosti, kter\u00e1 mu je p\u0159\u00edjemn\u00e1. I kdy\u017e samoz\u0159ejm\u011b ch\u00e1pu, \u017ee ne v\u017edycky tohle jde. Kolikr\u00e1t se mi stalo, \u017ee jsem musela tr\u00e1vit sv\u016fj voln\u00fd \u010das ve spole\u010dnosti, kter\u00e1 mi v\u016fbec nebyla p\u0159\u00edjemn\u00e1. A tohle se mi stalo asi p\u0159ed dv\u011bma m\u011bs\u00edci, kdy\u017e jsem byla na d\u011btsk\u00e9 oslav\u011b. A vy si mo\u017en\u00e1 \u0159\u00edk\u00e1te, jak m\u011b m\u016f\u017ee vadit d\u011btsk\u00e1 oslava nebo mal\u00e9 d\u011bti. Ale tohle s t\u00edm a nem\u00e1 v\u016fbec nic spole\u010dn\u00e9ho, proto\u017ee mal\u00e9 d\u011bti m\u00e1m r\u00e1da. Ale proto\u017ee m\u00e1m mal\u00e9ho syna, kter\u00e9mu je sedm let, tak jsme byli pozvan\u00e9 k na\u0161\u00ed kamar\u00e1dce, kter\u00e1 m\u00e1 dvoj\u010data a kter\u00e1 zrovna slavila narozeniny. Tak\u017ee jsem se tam t\u011b\u0161ila se sv\u00fdm synem. A hlavn\u011b tedy m\u016fj syn se t\u011b\u0161il. A kdy\u017e jsme na oslavu p\u0159i\u0161li, tak jsem si ihned v\u0161imla, \u017ee za stolem sed\u00ed moje spolu\u017ea\u010dka ze z\u00e1kladn\u00ed \u0161koly. A spolu jsme spolu chodily p\u0159ed patn\u00e1cti lety do stejn\u00e9 t\u0159\u00eddy, do \u00e1\u010dka. Ani nev\u00edte, jak m\u011b to zarazilo, proto\u017ee my jsme s tou kamar\u00e1dkou byly na no\u017ee. A ona mi toti\u017e p\u0159ed \u0161esti lety p\u0159ebrala p\u0159\u00edtele. Ani nev\u00edte, jak moc m\u011b to mrzelo, proto\u017ee p\u0159\u00edtel mi st\u00e1le tvrdil, jak moc m\u011b miluje. Tak\u017ee to cel\u00e9 nakonec u kamar\u00e1dky dopadlo tak, \u017ee jsem asi po hodin\u011b se musela sbalit a j\u00edt pry\u010d se synem, proto\u017ee ta kamar\u00e1dka, kter\u00e1 mi p\u0159ebrala p\u0159\u00edtele, tak se st\u00e1le chlubila, jak m\u00e1 skv\u011bl\u00e9ho p\u0159\u00edtele a \u017ee spolu jedu letos k mo\u0159i. Mus\u00edm uznat, \u017ee tr\u00e1vit \u010das v takov\u00e9 jedovat\u00e9 spole\u010dnosti m\u011b to v\u016fbec nebavilo, proto\u017ee kamar\u00e1dka tam m\u011bla je\u0161t\u011b svou zn\u00e1mou, tak\u017ee ob\u011b dv\u011b na m\u011b koukaly a m\u011b to bylo velmi\u00a0nep\u0159\u00edjemn\u00e9. A mn\u011b to bylo proti\u00a0srsti. Jist\u011b m\u011b ch\u00e1pete, jestli jste tohle u\u017e n\u011bco podobn\u00e9ho za\u017eili. V takov\u00e9 spole\u010dnosti opravdu nejde b\u00fdt, tak\u017ee jsem si \u0159ekla, \u017ee rad\u011bji budu sama ne\u017e b\u00fdt takov\u00e9 nep\u0159\u00edjemn\u00e9 spole\u010dnosti. V\u011b\u0159te mi, \u017ee b\u00fdt ve\u00a0\u0161patn\u00e9\u00a0spole\u010dnosti v\u016fbec nikomu neprosp\u00edv\u00e1. Proto jsem si \u0159ekla, \u017ee si spole\u010dnost\u00a0a p\u0159\u00e1tel\u00e9 budu v\u017edy pe\u010dliv\u011b vyb\u00edrat, abych byla st\u00e1le \u0161\u0165astn\u00e1.\u00a0                                                                                                                                                                                                                                                                                                                                                                                        4.6\/5 - (11 votes)        "},{"@context":"https:\/\/schema.org\/","@type":"BreadcrumbList","itemListElement":[{"@type":"ListItem","position":1,"name":"Nemil\u00e1 spole\u010dnost","item":"https:\/\/www.vypan.cz\/nemila-spolecnost\/#breadcrumbitem"}]}]