[{"@context":"https:\/\/schema.org\/","@type":"Article","@id":"https:\/\/www.vypan.cz\/moda-a-brisko\/#Article","mainEntityOfPage":"https:\/\/www.vypan.cz\/moda-a-brisko\/","headline":"M\u00f3da a b\u0159\u00ed\u0161ko","name":"M\u00f3da a b\u0159\u00ed\u0161ko","description":"T\u011bhotenstv\u00ed je zna\u010dn\u00e1 zm\u011bna pro ka\u017edou \u017eenu. Hormony \u0161\u00edl\u00ed a kila p\u0159ib\u00fdvaj\u00ed. Ale ur\u010dit\u011b se nemus\u00edte vzd\u00e1vat m\u00f3dn\u00edch trend\u016f jen proto, \u017ee va\u0161e t\u011blo se m\u011bn\u00ed a t\u00edm se m\u011bn\u00ed i va\u0161e postava. Ale nev\u011b\u0161te hlavu, kr\u00e1sn\u00e1 m\u016f\u017eete b\u00fdt za jak\u00fdchkoli okolnost\u00ed, a to i kdy\u017e \u010dek\u00e1te mal\u00e9 miminko. p\u0159eci je to jenom n\u011bjak\u00fdch osm &hellip; ","datePublished":"2023-01-02","dateModified":"2023-06-05","author":{"@type":"Person","@id":"https:\/\/www.vypan.cz\/author\/#Person","name":"","url":"https:\/\/www.vypan.cz\/author\/","identifier":1,"image":{"@type":"ImageObject","@id":"https:\/\/secure.gravatar.com\/avatar\/f7b3e8bb7f7cc0c6ca940e74a10b952be4c7d81de8a980387c865f88889f02e3?s=96&d=mm&r=g","url":"https:\/\/secure.gravatar.com\/avatar\/f7b3e8bb7f7cc0c6ca940e74a10b952be4c7d81de8a980387c865f88889f02e3?s=96&d=mm&r=g","height":96,"width":96}},"publisher":{"@type":"Organization","name":"vypan.cz","logo":{"@type":"ImageObject","@id":"\/logo.png","url":"\/logo.png","width":600,"height":60}},"image":{"@type":"ImageObject","@id":"https:\/\/www.vypan.cz\/wp-content\/uploads\/0_0_productGfx_5552.jpg","url":"https:\/\/www.vypan.cz\/wp-content\/uploads\/0_0_productGfx_5552.jpg","height":0,"width":0},"url":"https:\/\/www.vypan.cz\/moda-a-brisko\/","about":["M\u00f3da"],"wordCount":475,"articleBody":"T\u011bhotenstv\u00ed je zna\u010dn\u00e1 zm\u011bna pro ka\u017edou \u017eenu. Hormony \u0161\u00edl\u00ed a kila p\u0159ib\u00fdvaj\u00ed. Ale ur\u010dit\u011b se nemus\u00edte vzd\u00e1vat m\u00f3dn\u00edch trend\u016f jen proto, \u017ee va\u0161e t\u011blo se m\u011bn\u00ed a t\u00edm se m\u011bn\u00ed i va\u0161e postava. Ale nev\u011b\u0161te hlavu, kr\u00e1sn\u00e1 m\u016f\u017eete b\u00fdt za jak\u00fdchkoli okolnost\u00ed, a to i kdy\u017e \u010dek\u00e1te mal\u00e9 miminko. p\u0159eci je to jenom n\u011bjak\u00fdch osm m\u011bs\u00edc\u016f, tak\u017ee potom to bude zase jako p\u0159edt\u00edm. Tak\u017ee zapome\u0148te na p\u0159edsudky a u\u017e\u00edvejte si sv\u00e9 t\u011bhotenstv\u00ed. I v t\u011bhotenstv\u00ed m\u016f\u017eete m\u00edt stylov\u00e9 oble\u010den\u00ed, sta\u010d\u00ed jen v\u011bd\u011bt jak na to. V dne\u0161n\u00ed dob\u011b u\u017e nemus\u00edte zahalovat b\u0159\u00ed\u0161ko do obrovsk\u00e9ho oble\u010den\u00ed, nebo tunik, maxi \u0161at\u016f. Sv\u011bt t\u011bhulek se rozrostl a m\u00f3da pro n\u011b je taky \u00fapln\u011b jinde. N\u011bkter\u00e9 \u017eeny maj\u00ed to \u0161t\u011bst\u00ed, \u017ee \u0161atn\u00edk ani nemus\u00ed moc obnovovat, ale jsme tu i my, kter\u00fdm oble\u010den\u00ed u\u017e nesed\u00ed anebo jim nen\u00ed pohodln\u00e9. To je p\u0159eci d\u016fle\u017eit\u00e9 abychom se c\u00edtili pohodln\u011b.\u00a0Ur\u010dit\u011b se nemus\u00edte ob\u00e1vat s obepnut\u00fdmi topy, te\u010f je va\u0161e b\u0159\u00ed\u0161ko p\u0159ednost, noste ho jako dopln\u011bk. Tak \u017ee pokud nechcete, aby oble\u010den\u00ed na v\u00e1s opravdu t\u0159eba vyselo, tak se v\u016fbec nestrachujte obl\u00e9knout t\u0159eba i obepnut\u00e9 d\u017e\u00edny. K tomu si klidn\u011b m\u016f\u017eete obout boty na podpatku. P\u0159eci pokud jste je nosila dote\u010f tak m\u016f\u017eete do t\u00e9 doby, ne\u017e v\u00e1m to bude nepohodln\u00e9, pot\u00e9 obuv m\u016f\u017eete vym\u011bnit. \u0160aty? \u0160aty nesm\u00ed chyb\u011bt v \u017e\u00e1dn\u00e9m \u017eensk\u00e9m \u0161atn\u00edku a\u0165 u\u017e jste t\u011bhotn\u00e1 nebo net\u011bhotn\u00e1. M\u016f\u017eete je nosit opravdu v ka\u017ed\u00e9m ro\u010dn\u00edm obdob\u00ed a pro t\u011bhotenstv\u00ed jsou jako d\u011blan\u00e9. Ur\u010dit\u011b v\u00e1m zajist\u00ed to nejlep\u0161\u00ed pohodl\u00ed v hork\u00fdch letn\u00edch dnech. To sam\u00e9, pokud se v\u00e1m v\u00e1len\u00ed v \u0161atn\u00edku nap\u0159\u00edklad overaly, ty jsou taky skv\u011bl\u00e9 a m\u00f3dn\u00ed, stejn\u011b tak jako lacla\u010de, kter\u00e9 jsou st\u00e1le trendy. Tak \u017ee u\u017e jen sta\u010d\u00ed nakombinovat skv\u011bl\u00ed outfit, kter\u00fd se v\u00e1m bude nejl\u00e9pe nosit a hur\u00e1, m\u016f\u017eete si n\u011bkam vyrazit za z\u00e1bavou, s kamar\u00e1dkami. Neznamen\u00e1, \u017ee kdy\u017e jste t\u011bhotn\u00e1 tak mus\u00edte sed\u011bt doma. Ale na opak, u\u017e\u00edvejte si je\u0161t\u011b sv\u00e9 voln\u00e9 chv\u00edle, dokud m\u016f\u017eete. Potom se v\u00e1m \u017eivot obr\u00e1t\u00ed a budete tu nejv\u00edce pro to va\u0161e miminko, ale ani s n\u00edm spole\u010densk\u00fd \u017eivot nekon\u010d\u00ed, i kdy\u017e si to spousta \u017een mysl\u00ed, a tak se podle toho za\u0159\u00edd\u00ed.\u00a0\u00a0                                                                                                                                                                                                                                                                                                                                                                                        3.2\/5 - (8 votes)        "},{"@context":"https:\/\/schema.org\/","@type":"BreadcrumbList","itemListElement":[{"@type":"ListItem","position":1,"name":"M\u00f3da a b\u0159\u00ed\u0161ko","item":"https:\/\/www.vypan.cz\/moda-a-brisko\/#breadcrumbitem"}]}]