[{"@context":"https:\/\/schema.org\/","@type":"Article","@id":"https:\/\/www.vypan.cz\/krasne-saty\/#Article","mainEntityOfPage":"https:\/\/www.vypan.cz\/krasne-saty\/","headline":"Kr\u00e1sn\u00e9 \u0161aty","name":"Kr\u00e1sn\u00e9 \u0161aty","description":"Hodn\u011b lid\u00ed chce m\u00edt modern\u00ed v\u011bci a nemus\u00ed to b\u00fdt modern\u00ed v\u011bci, jenom jako oble\u010den\u00ed a nebo kosmetika, ale tak\u00e9 t\u0159eba r\u016fzn\u00e9 dopl\u0148ky do dom\u00e1cnosti. M\u011b t\u0159eba nap\u0159\u00edklad se hodn\u011b l\u00edb\u00ed r\u016fzn\u00e9 deky a tak\u00e9 pol\u0161t\u00e1\u0159e. M\u00e1m r\u00e1da, kdy\u017e m\u00e1m t\u0159eba hodn\u011b barevn\u00e9 pol\u0161t\u00e1\u0159e nebo deky, a to taky hlavn\u011b kv\u016fli ro\u010dn\u00edmu obdob\u00ed. T\u0159eba kdy\u017e &hellip; ","datePublished":"2023-12-15","dateModified":"2023-12-15","author":{"@type":"Person","@id":"https:\/\/www.vypan.cz\/author\/#Person","name":"","url":"https:\/\/www.vypan.cz\/author\/","identifier":1,"image":{"@type":"ImageObject","@id":"https:\/\/secure.gravatar.com\/avatar\/f7b3e8bb7f7cc0c6ca940e74a10b952be4c7d81de8a980387c865f88889f02e3?s=96&d=mm&r=g","url":"https:\/\/secure.gravatar.com\/avatar\/f7b3e8bb7f7cc0c6ca940e74a10b952be4c7d81de8a980387c865f88889f02e3?s=96&d=mm&r=g","height":96,"width":96}},"publisher":{"@type":"Organization","name":"vypan.cz","logo":{"@type":"ImageObject","@id":"\/logo.png","url":"\/logo.png","width":600,"height":60}},"image":{"@type":"ImageObject","@id":"https:\/\/www.vypan.cz\/wp-content\/uploads\/girl-1141279_1280_1.jpg","url":"https:\/\/www.vypan.cz\/wp-content\/uploads\/girl-1141279_1280_1.jpg","height":0,"width":0},"url":"https:\/\/www.vypan.cz\/krasne-saty\/","about":["M\u00f3da"],"wordCount":456,"articleBody":"Hodn\u011b lid\u00ed chce m\u00edt modern\u00ed v\u011bci a nemus\u00ed to b\u00fdt modern\u00ed v\u011bci, jenom jako oble\u010den\u00ed a nebo kosmetika, ale tak\u00e9 t\u0159eba r\u016fzn\u00e9 dopl\u0148ky do dom\u00e1cnosti. M\u011b t\u0159eba nap\u0159\u00edklad se hodn\u011b l\u00edb\u00ed r\u016fzn\u00e9 deky a tak\u00e9 pol\u0161t\u00e1\u0159e. M\u00e1m r\u00e1da, kdy\u017e m\u00e1m t\u0159eba hodn\u011b barevn\u00e9 pol\u0161t\u00e1\u0159e nebo deky, a to taky hlavn\u011b kv\u016fli ro\u010dn\u00edmu obdob\u00ed. T\u0159eba kdy\u017e jsou V\u00e1noce, tak bych cht\u011bla m\u00edt opravdu v\u0161ude v\u00e1no\u010dn\u00ed motivy. M\u011b se tahle opravdu hodn\u011b l\u00edb\u00ed a dokonce doma mi taky \u0159\u00edkaj\u00ed, \u017ee jsem \u00fapln\u00fd bl\u00e1zen, \u017ee pr\u00fd dokonce ani tak\u00e9 nev\u00ed, po kom tohle m\u00e1m, \u017ee bych cht\u011bla st\u00e1le jenom v\u0161echno zdobit, jenom\u017ee m\u011b tohle bav\u00ed a l\u00edb\u00ed se mi to a nech\u00e1pou, co je na tom tak \u0161patn\u00e9ho, \u017ee bych cht\u011bla m\u00edt dekorovan\u00e9 m\u00edstnosti. A kdy\u017e u\u017e se bl\u00ed\u017e\u00ed V\u00e1noce, tak u\u017e m\u00e1m v\u0161ude dan\u00e1 sv\u011bt\u00fdlka, tak\u00e9 r\u016fzn\u00e9 v\u00e1no\u010dn\u00ed dekorace. A v\u016fbec nev\u00edm, pro\u010d se n\u011bkoho pohor\u0161uje, nebo pro\u010d to n\u011bkomu vad\u00ed?V\u017edy\u0165 je to \u00fapln\u011b kr\u00e1sn\u00e9 a j\u00e1 si mysl\u00edm, \u017ee mnoho d\u011bt\u00ed tak\u00e9 tohle ocen\u00ed. My toti\u017e jako mal\u00e9 d\u011bti jsme v\u016fbec nem\u011bli doma \u017e\u00e1dn\u00e9 v\u00fdzdoby a nic takov\u00e9ho kr\u00e1sn\u00e9ho, co by p\u0159ipom\u00ednalo V\u00e1noce. Tak\u017ee mo\u017en\u00e1 je to t\u00edm, \u017ee bych si to cht\u011bla vynahradit, jenom\u017ee zase na druhou stranu, kdy\u017e to tak vezmu, tak t\u0159eba moje sestra, ani bratr, tak necht\u011bj\u00ed m\u00edt \u017e\u00e1dn\u00e9 v\u00e1no\u010dn\u00ed v\u00fdstavy a \u017e\u00e1dn\u00e9 v\u00e1no\u010dn\u00ed dekorace. Je to docela smutn\u00e9. Na 2 stranu jsem si ale \u0159ekla, vlastn\u011b kdy\u017e oni to nemaj\u00ed, tak p\u0159eci nen\u00ed v\u016fbec \u017e\u00e1dn\u00fd d\u016fvod, abych tohle tak\u00e9 nem\u011bla.Tak jsem si \u0159ekla, \u017ee se nebudu v\u016fbec nikoho pt\u00e1t a \u017ee si jednodu\u0161e ud\u011bl\u00e1m opravdu kr\u00e1snou v\u00fdstavu. M\u00e1m doma kr\u00e1sn\u011b d\u0159ev\u011bn\u00fd betl\u00e9m a m\u016fj syn m\u00e1 doma tak\u00e9 betl\u00e9m, akor\u00e1t jenom z takov\u00e9ho tvrd\u00e9ho kartonu nebo pap\u00edru. Mysl\u00edm si, \u017ee i tohle je skv\u011bl\u00e9 a n\u00e1m se to l\u00edb\u00ed. Tak\u00e9 se t\u011b\u0161\u00edm, a\u017e budeme na V\u00e1noce nav\u0161t\u011bvovat r\u016fzn\u00e9 betl\u00e9my. Pokud i vy m\u00e1te r\u00e1di m\u00f3du a tak\u00e9 chcete m\u00edt doma modern\u00ed v\u0161echno za\u0159\u00edzen\u00e9 a dekorovan\u00e9, tak se v\u00e1m nediv\u00edm, proto\u017ee je to p\u011bkn\u00e9.\u00a0                                                                                                                                                                                                                                                                                                                                                                                        4.3\/5 - (3 votes)        "},{"@context":"https:\/\/schema.org\/","@type":"BreadcrumbList","itemListElement":[{"@type":"ListItem","position":1,"name":"Kr\u00e1sn\u00e9 \u0161aty","item":"https:\/\/www.vypan.cz\/krasne-saty\/#breadcrumbitem"}]}]