[{"@context":"https:\/\/schema.org\/","@type":"Blog","@id":"https:\/\/www.vypan.cz#Blog","headline":"Vypan","description":"\nI weby mohou b\u00fdt pro n\u00e1s lidi u\u017eite\u010dn\u00fdmi pomocn\u00edky. Proto\u017ee i zde se d\u00e1 naj\u00edt \u0159e\u0161en\u00ed nejednoho probl\u00e9mu. A jinak tomu nen\u00ed ani na na\u0161em webu.","url":"https:\/\/www.vypan.cz","hasPart":[{"@type":"Article","@id":"https:\/\/www.vypan.cz\/ani-v-praze-neni-stehovani-problem\/","headline":"Ani v Praze nen\u00ed st\u011bhov\u00e1n\u00ed probl\u00e9m","url":"https:\/\/www.vypan.cz\/ani-v-praze-neni-stehovani-problem\/","datePublished":"2026-01-11","dateModified":"2026-01-11","mainEntityOfPage":"https:\/\/www.vypan.cz\/ani-v-praze-neni-stehovani-problem\/","author":{"@type":"Person","@id":"https:\/\/www.vypan.cz\/author\/#Person","name":"","url":"https:\/\/www.vypan.cz\/author\/","identifier":1,"image":{"@type":"ImageObject","@id":"https:\/\/secure.gravatar.com\/avatar\/f7b3e8bb7f7cc0c6ca940e74a10b952be4c7d81de8a980387c865f88889f02e3?s=96&d=mm&r=g","url":"https:\/\/secure.gravatar.com\/avatar\/f7b3e8bb7f7cc0c6ca940e74a10b952be4c7d81de8a980387c865f88889f02e3?s=96&d=mm&r=g","height":96,"width":96}},"publisher":{"@type":"Organization","name":"vypan.cz","logo":{"@type":"ImageObject","@id":"\/logo.png","url":"\/logo.png","width":600,"height":60}},"image":{"@type":"ImageObject","@id":"https:\/\/www.vypan.cz\/wp-content\/uploads\/nebulosagrafica-apparel-2575940_640.jpg","url":"https:\/\/www.vypan.cz\/wp-content\/uploads\/nebulosagrafica-apparel-2575940_640.jpg","height":0,"width":0},"wordCount":546,"keywords":null},{"@type":"Article","@id":"https:\/\/www.vypan.cz\/pronajimame-vozy-za-rozumnou-cenu\/","headline":"Pronaj\u00edm\u00e1me vozy za rozumnou cenu","url":"https:\/\/www.vypan.cz\/pronajimame-vozy-za-rozumnou-cenu\/","datePublished":"2025-04-25","dateModified":"2025-04-25","mainEntityOfPage":"https:\/\/www.vypan.cz\/pronajimame-vozy-za-rozumnou-cenu\/","author":{"@type":"Person","@id":"https:\/\/www.vypan.cz\/author\/#Person","name":"","url":"https:\/\/www.vypan.cz\/author\/","identifier":1,"image":{"@type":"ImageObject","@id":"https:\/\/secure.gravatar.com\/avatar\/f7b3e8bb7f7cc0c6ca940e74a10b952be4c7d81de8a980387c865f88889f02e3?s=96&d=mm&r=g","url":"https:\/\/secure.gravatar.com\/avatar\/f7b3e8bb7f7cc0c6ca940e74a10b952be4c7d81de8a980387c865f88889f02e3?s=96&d=mm&r=g","height":96,"width":96}},"publisher":{"@type":"Organization","name":"vypan.cz","logo":{"@type":"ImageObject","@id":"\/logo.png","url":"\/logo.png","width":600,"height":60}},"image":null,"wordCount":209,"keywords":null},{"@type":"Article","@id":"https:\/\/www.vypan.cz\/patrove-postele-vyrobene-z-masivniho-dreva\/","headline":"Patrov\u00e9 postele vyroben\u00e9 z mas\u00edvn\u00edho d\u0159eva","url":"https:\/\/www.vypan.cz\/patrove-postele-vyrobene-z-masivniho-dreva\/","datePublished":"2025-04-17","dateModified":"2025-04-17","mainEntityOfPage":"https:\/\/www.vypan.cz\/patrove-postele-vyrobene-z-masivniho-dreva\/","author":{"@type":"Person","@id":"https:\/\/www.vypan.cz\/author\/#Person","name":"","url":"https:\/\/www.vypan.cz\/author\/","identifier":1,"image":{"@type":"ImageObject","@id":"https:\/\/secure.gravatar.com\/avatar\/f7b3e8bb7f7cc0c6ca940e74a10b952be4c7d81de8a980387c865f88889f02e3?s=96&d=mm&r=g","url":"https:\/\/secure.gravatar.com\/avatar\/f7b3e8bb7f7cc0c6ca940e74a10b952be4c7d81de8a980387c865f88889f02e3?s=96&d=mm&r=g","height":96,"width":96}},"publisher":{"@type":"Organization","name":"vypan.cz","logo":{"@type":"ImageObject","@id":"\/logo.png","url":"\/logo.png","width":600,"height":60}},"image":null,"wordCount":255,"keywords":null},{"@type":"Article","@id":"https:\/\/www.vypan.cz\/hledate-ubytovani-v-horach\/","headline":"Hled\u00e1te ubytov\u00e1n\u00ed v\u00a0hor\u00e1ch?","url":"https:\/\/www.vypan.cz\/hledate-ubytovani-v-horach\/","datePublished":"2025-04-11","dateModified":"2025-04-11","mainEntityOfPage":"https:\/\/www.vypan.cz\/hledate-ubytovani-v-horach\/","author":{"@type":"Person","@id":"https:\/\/www.vypan.cz\/author\/#Person","name":"","url":"https:\/\/www.vypan.cz\/author\/","identifier":1,"image":{"@type":"ImageObject","@id":"https:\/\/secure.gravatar.com\/avatar\/f7b3e8bb7f7cc0c6ca940e74a10b952be4c7d81de8a980387c865f88889f02e3?s=96&d=mm&r=g","url":"https:\/\/secure.gravatar.com\/avatar\/f7b3e8bb7f7cc0c6ca940e74a10b952be4c7d81de8a980387c865f88889f02e3?s=96&d=mm&r=g","height":96,"width":96}},"publisher":{"@type":"Organization","name":"vypan.cz","logo":{"@type":"ImageObject","@id":"\/logo.png","url":"\/logo.png","width":600,"height":60}},"image":null,"wordCount":223,"keywords":null},{"@type":"Article","@id":"https:\/\/www.vypan.cz\/reklamni-textil\/","headline":"Reklamn\u00ed textil","url":"https:\/\/www.vypan.cz\/reklamni-textil\/","datePublished":"2025-04-06","dateModified":"2025-04-06","mainEntityOfPage":"https:\/\/www.vypan.cz\/reklamni-textil\/","author":{"@type":"Person","@id":"https:\/\/www.vypan.cz\/author\/#Person","name":"","url":"https:\/\/www.vypan.cz\/author\/","identifier":1,"image":{"@type":"ImageObject","@id":"https:\/\/secure.gravatar.com\/avatar\/f7b3e8bb7f7cc0c6ca940e74a10b952be4c7d81de8a980387c865f88889f02e3?s=96&d=mm&r=g","url":"https:\/\/secure.gravatar.com\/avatar\/f7b3e8bb7f7cc0c6ca940e74a10b952be4c7d81de8a980387c865f88889f02e3?s=96&d=mm&r=g","height":96,"width":96}},"publisher":{"@type":"Organization","name":"vypan.cz","logo":{"@type":"ImageObject","@id":"\/logo.png","url":"\/logo.png","width":600,"height":60}},"image":null,"wordCount":210,"keywords":null},{"@type":"Article","@id":"https:\/\/www.vypan.cz\/antigenni-testy-na-covid-19-jejich-zacatek-a-soucasnost\/","headline":"Antigenn\u00ed testy na COVID-19: Jejich za\u010d\u00e1tek a sou\u010dasnost","url":"https:\/\/www.vypan.cz\/antigenni-testy-na-covid-19-jejich-zacatek-a-soucasnost\/","datePublished":"2025-03-29","dateModified":"2025-03-29","mainEntityOfPage":"https:\/\/www.vypan.cz\/antigenni-testy-na-covid-19-jejich-zacatek-a-soucasnost\/","author":{"@type":"Person","@id":"https:\/\/www.vypan.cz\/author\/#Person","name":"","url":"https:\/\/www.vypan.cz\/author\/","identifier":1,"image":{"@type":"ImageObject","@id":"https:\/\/secure.gravatar.com\/avatar\/f7b3e8bb7f7cc0c6ca940e74a10b952be4c7d81de8a980387c865f88889f02e3?s=96&d=mm&r=g","url":"https:\/\/secure.gravatar.com\/avatar\/f7b3e8bb7f7cc0c6ca940e74a10b952be4c7d81de8a980387c865f88889f02e3?s=96&d=mm&r=g","height":96,"width":96}},"publisher":{"@type":"Organization","name":"vypan.cz","logo":{"@type":"ImageObject","@id":"\/logo.png","url":"\/logo.png","width":600,"height":60}},"image":{"@type":"ImageObject","@id":"https:\/\/www.vypan.cz\/wp-content\/uploads\/waldemar-vJsTHrqMm94-unsplash%20(1).jpg","url":"https:\/\/www.vypan.cz\/wp-content\/uploads\/waldemar-vJsTHrqMm94-unsplash%20(1).jpg","height":0,"width":0},"wordCount":488,"keywords":null},{"@type":"Article","@id":"https:\/\/www.vypan.cz\/toner-od-nas-vase-tiskarna-vam-bude-dekovat\/","headline":"Toner od n\u00e1s &#8211; va\u0161e tisk\u00e1rna v\u00e1m bude d\u011bkovat","url":"https:\/\/www.vypan.cz\/toner-od-nas-vase-tiskarna-vam-bude-dekovat\/","datePublished":"2025-03-25","dateModified":"2025-03-25","mainEntityOfPage":"https:\/\/www.vypan.cz\/toner-od-nas-vase-tiskarna-vam-bude-dekovat\/","author":{"@type":"Person","@id":"https:\/\/www.vypan.cz\/author\/#Person","name":"","url":"https:\/\/www.vypan.cz\/author\/","identifier":1,"image":{"@type":"ImageObject","@id":"https:\/\/secure.gravatar.com\/avatar\/f7b3e8bb7f7cc0c6ca940e74a10b952be4c7d81de8a980387c865f88889f02e3?s=96&d=mm&r=g","url":"https:\/\/secure.gravatar.com\/avatar\/f7b3e8bb7f7cc0c6ca940e74a10b952be4c7d81de8a980387c865f88889f02e3?s=96&d=mm&r=g","height":96,"width":96}},"publisher":{"@type":"Organization","name":"vypan.cz","logo":{"@type":"ImageObject","@id":"\/logo.png","url":"\/logo.png","width":600,"height":60}},"image":null,"wordCount":231,"keywords":null},{"@type":"Article","@id":"https:\/\/www.vypan.cz\/navstivte-nasi-pujcovnu\/","headline":"Nav\u0161tivte na\u0161\u00ed p\u016fj\u010dovnu","url":"https:\/\/www.vypan.cz\/navstivte-nasi-pujcovnu\/","datePublished":"2025-03-20","dateModified":"2025-03-20","mainEntityOfPage":"https:\/\/www.vypan.cz\/navstivte-nasi-pujcovnu\/","author":{"@type":"Person","@id":"https:\/\/www.vypan.cz\/author\/#Person","name":"","url":"https:\/\/www.vypan.cz\/author\/","identifier":1,"image":{"@type":"ImageObject","@id":"https:\/\/secure.gravatar.com\/avatar\/f7b3e8bb7f7cc0c6ca940e74a10b952be4c7d81de8a980387c865f88889f02e3?s=96&d=mm&r=g","url":"https:\/\/secure.gravatar.com\/avatar\/f7b3e8bb7f7cc0c6ca940e74a10b952be4c7d81de8a980387c865f88889f02e3?s=96&d=mm&r=g","height":96,"width":96}},"publisher":{"@type":"Organization","name":"vypan.cz","logo":{"@type":"ImageObject","@id":"\/logo.png","url":"\/logo.png","width":600,"height":60}},"image":null,"wordCount":231,"keywords":null},{"@type":"Article","@id":"https:\/\/www.vypan.cz\/lepsi-nabidka-jiz-nebude\/","headline":"Lep\u0161\u00ed nab\u00eddka ji\u017e nebude","url":"https:\/\/www.vypan.cz\/lepsi-nabidka-jiz-nebude\/","datePublished":"2025-03-09","dateModified":"2025-03-09","mainEntityOfPage":"https:\/\/www.vypan.cz\/lepsi-nabidka-jiz-nebude\/","author":{"@type":"Person","@id":"https:\/\/www.vypan.cz\/author\/#Person","name":"","url":"https:\/\/www.vypan.cz\/author\/","identifier":1,"image":{"@type":"ImageObject","@id":"https:\/\/secure.gravatar.com\/avatar\/f7b3e8bb7f7cc0c6ca940e74a10b952be4c7d81de8a980387c865f88889f02e3?s=96&d=mm&r=g","url":"https:\/\/secure.gravatar.com\/avatar\/f7b3e8bb7f7cc0c6ca940e74a10b952be4c7d81de8a980387c865f88889f02e3?s=96&d=mm&r=g","height":96,"width":96}},"publisher":{"@type":"Organization","name":"vypan.cz","logo":{"@type":"ImageObject","@id":"\/logo.png","url":"\/logo.png","width":600,"height":60}},"image":null,"wordCount":227,"keywords":null},{"@type":"Article","@id":"https:\/\/www.vypan.cz\/pracovni-zidle\/","headline":"Pracovn\u00ed \u017eidle","url":"https:\/\/www.vypan.cz\/pracovni-zidle\/","datePublished":"2025-03-02","dateModified":"2025-03-02","mainEntityOfPage":"https:\/\/www.vypan.cz\/pracovni-zidle\/","author":{"@type":"Person","@id":"https:\/\/www.vypan.cz\/author\/#Person","name":"","url":"https:\/\/www.vypan.cz\/author\/","identifier":1,"image":{"@type":"ImageObject","@id":"https:\/\/secure.gravatar.com\/avatar\/f7b3e8bb7f7cc0c6ca940e74a10b952be4c7d81de8a980387c865f88889f02e3?s=96&d=mm&r=g","url":"https:\/\/secure.gravatar.com\/avatar\/f7b3e8bb7f7cc0c6ca940e74a10b952be4c7d81de8a980387c865f88889f02e3?s=96&d=mm&r=g","height":96,"width":96}},"publisher":{"@type":"Organization","name":"vypan.cz","logo":{"@type":"ImageObject","@id":"\/logo.png","url":"\/logo.png","width":600,"height":60}},"image":null,"wordCount":205,"keywords":null}]},{"@context":"https:\/\/schema.org","@type":"WebSite","@id":"https:\/\/www.vypan.cz\/#website","name":"Vypan","url":"https:\/\/www.vypan.cz","potentialAction":{"@type":"SearchAction","target":"https:\/\/www.vypan.cz\/?s={search_term_string}","query-input":"required name=search_term_string"}}]